{"id":585,"date":"2014-08-24T12:40:41","date_gmt":"2014-08-24T10:40:41","guid":{"rendered":"http:\/\/alice-corporation.com\/vegetal\/?p=585"},"modified":"2015-07-14T07:42:48","modified_gmt":"2015-07-14T05:42:48","slug":"lombricomposteur-et-bocaux","status":"publish","type":"post","link":"https:\/\/alice-corporation.com\/vegetal\/lombricomposteur-et-bocaux\/","title":{"rendered":"Lombricomposteur et bocaux"},"content":{"rendered":"<p>C&rsquo;est la saison des bocaux, avec la reprise des livraisons de mes paniers favoris, je peux enfin m&rsquo;y mettre avec la grosse Martha (marmite sp\u00e9cialement achet\u00e9e pour l&rsquo;occasion ! Elle est belle Martha, elle brille de mille feux) ! Au programme ce week-end : Sauce tomates, tomates concass\u00e9es, courgettes au naturel (c&rsquo;est vraiment \u00e0 titre exp\u00e9rimentale parce que les retours sur ce mode de conservation ne sont pas tr\u00e8s bons) et confiture de mirabelles ! Le week-end prochain, je pense que je ferais quelques bocaux de ratatouille, de la confiture de m\u00fbres et de pommes.<\/p>\n<p>Et donc, nous ne sommes pas mort assassin\u00e9s par le botulisme. Les bocaux de l&rsquo;ann\u00e9e derni\u00e8re ont bien pris, niveau quantit\u00e9 c&rsquo;\u00e9tait un peu juste (surtout que j&rsquo;ai des petits bocaux type confiture) mais c&rsquo;est toujours sympa 1\/ d&rsquo;ouvrir un bocal de sauce maison et d&rsquo;avoir juste \u00e0 le r\u00e9chauffer, 2\/ d&rsquo;avoir des tomates en hiver. En dehors de \u00e7a, c&rsquo;est long, \u00e7a prend de la place, \u00e7a coute de l&rsquo;eau et de l&rsquo;\u00e9lectricit\u00e9, on se br\u00fble les doigts mais c&rsquo;est marrant !<\/p>\n<p><a href=\"https:\/\/alice-corporation.com\/vegetal\/wp-content\/uploads\/2014\/08\/24-08-2014-123850.jpg\"><img loading=\"lazy\" decoding=\"async\" class=\"alignnone size-full wp-image-590\" src=\"https:\/\/alice-corporation.com\/vegetal\/wp-content\/uploads\/2014\/08\/24-08-2014-123850.jpg\" alt=\"24-08-2014 12;38;50\" width=\"1203\" height=\"889\" srcset=\"https:\/\/alice-corporation.com\/vegetal\/wp-content\/uploads\/2014\/08\/24-08-2014-123850.jpg 1203w, https:\/\/alice-corporation.com\/vegetal\/wp-content\/uploads\/2014\/08\/24-08-2014-123850-300x221.jpg 300w, https:\/\/alice-corporation.com\/vegetal\/wp-content\/uploads\/2014\/08\/24-08-2014-123850-1024x756.jpg 1024w\" sizes=\"(max-width: 1203px) 100vw, 1203px\" \/><\/a><\/p>\n<p>Sinon, j&rsquo;ai relanc\u00e9 mon lombricomposteur cette semaine. \u00c7a faisait quelques temps que les vers avaient disparu et que \u00e7a compostait tout seul. Sympa mais pas le but. J&rsquo;avoue, j&rsquo;ai \u00e9t\u00e9 mauvaise sur ce coup l\u00e0 et me suis compl\u00e9tement d\u00e9sint\u00e9ress\u00e9e de la chose, me limitant juste \u00e0 quelques \u00e9pluchures de temps en temps. J&rsquo;ai donc r\u00e9cup\u00e9r\u00e9 une barquette de vers chez un voisin, pris de bonnes r\u00e9solutions, rebouquin\u00e9 internet sur comment bien s&rsquo;occuper des vers et voil\u00e0 ! A priori, c&rsquo;est une vari\u00e9t\u00e9 diff\u00e9rente, ceux l\u00e0 sont beaucoup plus fin et vivace, on va voir ce que \u00e7a donne. Ils sont en place depuis mardi et viennent d&rsquo;avoir leur premier repas (un peu de carton, des \u00e9pluchures et fanes de carottes, quelques queues de fraises, miam !) A priori mon lombri ne leur d\u00e9plait pas trop puisqu&rsquo;ils ont quitt\u00e9 leur liti\u00e8re pour se balader un peu dedans.<\/p>\n<p><a href=\"https:\/\/alice-corporation.com\/vegetal\/wp-content\/uploads\/2014\/08\/P1020386.jpg\"><img loading=\"lazy\" decoding=\"async\" class=\"alignnone size-full wp-image-586\" src=\"https:\/\/alice-corporation.com\/vegetal\/wp-content\/uploads\/2014\/08\/P1020386.jpg\" alt=\"P1020386\" width=\"1024\" height=\"768\" srcset=\"https:\/\/alice-corporation.com\/vegetal\/wp-content\/uploads\/2014\/08\/P1020386.jpg 1024w, https:\/\/alice-corporation.com\/vegetal\/wp-content\/uploads\/2014\/08\/P1020386-300x225.jpg 300w\" sizes=\"(max-width: 1024px) 100vw, 1024px\" \/><\/a><\/p>\n<p>Nous avons enfin fini le retapage des meubles. Le buffet restera finalement tel quel pour le moment, le manque de motivation se faisant sentir..\u00a0 Et puis, il est quand m\u00eame chouette comme \u00e7a, ce buffet. Au final, avec les chaises et la table qui se retrouvent dans la m\u00eame teinte, c&rsquo;est moins choquant (on voit bien sur <a href=\"https:\/\/alice-corporation.com\/vegetal\/wp-content\/uploads\/2014\/06\/P1010633-1600x1200.jpg\" target=\"_blank\">cette photo<\/a> les trois teintes diff\u00e9rentes) . Reste une couche ou deux de vernis \u00e0 passer sur le plateau de la table et nous pourrons enfin touuuuuuuuuuuuuuuuuuut ranger et retrouver une salle \u00e0 manger normale, exempt de ponceuse et autres pots de peinture et pinceaux. Contente du r\u00e9sultat pour la table, on voit le bois, les finitions mal finies donnent un effet vieilli assez sympa (bon, c&rsquo;\u00e9tait le but quand m\u00eame). Reste plus qu&rsquo;\u00e0 trouver des petits coussins pour mettre sur les chaises, histoire de donner une touche de couleur.<\/p>\n<p><a href=\"https:\/\/alice-corporation.com\/vegetal\/wp-content\/uploads\/2014\/08\/P1020377.jpg\"><img loading=\"lazy\" decoding=\"async\" class=\"alignnone size-full wp-image-587\" src=\"https:\/\/alice-corporation.com\/vegetal\/wp-content\/uploads\/2014\/08\/P1020377.jpg\" alt=\"P1020377\" width=\"450\" height=\"600\" srcset=\"https:\/\/alice-corporation.com\/vegetal\/wp-content\/uploads\/2014\/08\/P1020377.jpg 450w, https:\/\/alice-corporation.com\/vegetal\/wp-content\/uploads\/2014\/08\/P1020377-225x300.jpg 225w\" sizes=\"(max-width: 450px) 100vw, 450px\" \/><\/a> <a href=\"https:\/\/alice-corporation.com\/vegetal\/wp-content\/uploads\/2014\/08\/P1020381-640x480.jpg\"><img loading=\"lazy\" decoding=\"async\" class=\"alignnone size-full wp-image-588\" src=\"https:\/\/alice-corporation.com\/vegetal\/wp-content\/uploads\/2014\/08\/P1020381-640x480.jpg\" alt=\"P1020381 [640x480]\" width=\"640\" height=\"480\" srcset=\"https:\/\/alice-corporation.com\/vegetal\/wp-content\/uploads\/2014\/08\/P1020381-640x480.jpg 640w, https:\/\/alice-corporation.com\/vegetal\/wp-content\/uploads\/2014\/08\/P1020381-640x480-300x225.jpg 300w\" sizes=\"(max-width: 640px) 100vw, 640px\" \/><\/a><\/p>\n","protected":false},"excerpt":{"rendered":"<p>C&rsquo;est la saison des bocaux, avec la reprise des livraisons de mes paniers favoris, je peux enfin m&rsquo;y mettre avec la grosse Martha (marmite sp\u00e9cialement achet\u00e9e pour l&rsquo;occasion ! Elle est belle Martha, elle brille de mille feux) ! Au programme ce week-end : Sauce tomates, tomates concass\u00e9es, courgettes au naturel (c&rsquo;est vraiment \u00e0 titre [&hellip;]<\/p>\n","protected":false},"author":1,"featured_media":0,"comment_status":"open","ping_status":"open","sticky":false,"template":"","format":"standard","meta":{"footnotes":""},"categories":[45],"tags":[18,38,12,29,30,14],"_links":{"self":[{"href":"https:\/\/alice-corporation.com\/vegetal\/wp-json\/wp\/v2\/posts\/585"}],"collection":[{"href":"https:\/\/alice-corporation.com\/vegetal\/wp-json\/wp\/v2\/posts"}],"about":[{"href":"https:\/\/alice-corporation.com\/vegetal\/wp-json\/wp\/v2\/types\/post"}],"author":[{"embeddable":true,"href":"https:\/\/alice-corporation.com\/vegetal\/wp-json\/wp\/v2\/users\/1"}],"replies":[{"embeddable":true,"href":"https:\/\/alice-corporation.com\/vegetal\/wp-json\/wp\/v2\/comments?post=585"}],"version-history":[{"count":2,"href":"https:\/\/alice-corporation.com\/vegetal\/wp-json\/wp\/v2\/posts\/585\/revisions"}],"predecessor-version":[{"id":591,"href":"https:\/\/alice-corporation.com\/vegetal\/wp-json\/wp\/v2\/posts\/585\/revisions\/591"}],"wp:attachment":[{"href":"https:\/\/alice-corporation.com\/vegetal\/wp-json\/wp\/v2\/media?parent=585"}],"wp:term":[{"taxonomy":"category","embeddable":true,"href":"https:\/\/alice-corporation.com\/vegetal\/wp-json\/wp\/v2\/categories?post=585"},{"taxonomy":"post_tag","embeddable":true,"href":"https:\/\/alice-corporation.com\/vegetal\/wp-json\/wp\/v2\/tags?post=585"}],"curies":[{"name":"wp","href":"https:\/\/api.w.org\/{rel}","templated":true}]}}