{"id":1767,"date":"2020-10-04T11:32:04","date_gmt":"2020-10-04T09:32:04","guid":{"rendered":"http:\/\/alice-corporation.com\/vegetal\/?p=1767"},"modified":"2020-10-04T11:32:05","modified_gmt":"2020-10-04T09:32:05","slug":"le-retour-de-la-foret-vierge-dans-le-bureau","status":"publish","type":"post","link":"https:\/\/alice-corporation.com\/vegetal\/le-retour-de-la-foret-vierge-dans-le-bureau\/","title":{"rendered":"Le retour de la for\u00eat vierge dans le bureau"},"content":{"rendered":"<p>J&rsquo;ai dit que je n&rsquo;aimais pas la nouvelle interface de WP ?<\/p>\n<p>Bref, j&rsquo;ai rentr\u00e9 les affreuses frileuses dans le bureau, je suis ravie du bananier (des bananiers) devenu \u00e9nooooorme, le canna qui a explos\u00e9 lui aussi alors qu&rsquo;il ne lui restait qu&rsquo;une pousse. Bref, globalement, toutes les plantes ont bien profit\u00e9 de la chaleur et du soleil ! Le nouveau cactus de No\u00ebl, cens\u00e9 \u00eatre rouge, pr\u00e9pare d\u00e9j\u00e0 des bourgeons ! Le cam\u00e9lia aussi. L&rsquo;Amaryllis paphio a beaucoup appr\u00e9ci\u00e9 le changement de balcon et le rempotage, elle a fait plein de feuilles et un petit rejet ! Elle est toujours dehors pour le moment. Je ne sais pas trop o\u00f9 la mettre.<a href=\"https:\/\/alice-corporation.com\/vegetal\/wp-content\/uploads\/2020\/10\/DSC8707-Copier.jpg\"><img loading=\"lazy\" decoding=\"async\" class=\"alignnone size-full wp-image-1768\" src=\"https:\/\/alice-corporation.com\/vegetal\/wp-content\/uploads\/2020\/10\/DSC8707-Copier.jpg\" alt=\"\" width=\"800\" height=\"1200\" srcset=\"https:\/\/alice-corporation.com\/vegetal\/wp-content\/uploads\/2020\/10\/DSC8707-Copier.jpg 800w, https:\/\/alice-corporation.com\/vegetal\/wp-content\/uploads\/2020\/10\/DSC8707-Copier-200x300.jpg 200w, https:\/\/alice-corporation.com\/vegetal\/wp-content\/uploads\/2020\/10\/DSC8707-Copier-683x1024.jpg 683w, https:\/\/alice-corporation.com\/vegetal\/wp-content\/uploads\/2020\/10\/DSC8707-Copier-768x1152.jpg 768w\" sizes=\"(max-width: 800px) 100vw, 800px\" \/><\/a><\/p>\n<p>Finalement nous aurons 2 courges ! Croisons fort les doigts pour qu&rsquo;elles soient comestibles et que ce soient bien des butternuts (\u00e7a ressemble fort mais sait on jamais !) En tout cas, l&rsquo;ann\u00e9e prochaine je tente les courgettes de Nice ! On a eu aussi une bonne r\u00e9colte de tomates, de quoi se faire quelques plats \u00e0 base de tomates donc plut\u00f4t satisfaisant. La patate douce est un \u00e9chec, peut-\u00eatre li\u00e9 \u00e0 l&rsquo;atmosph\u00e8re trop s\u00e8che. Les fraisiers sont tous morts de chez morts, \u00e0 voir si j&rsquo;en replante l&rsquo;ann\u00e9e prochaine. Faut que je s\u00e8me des \u00e9pinards !<br \/><br \/>Quoi d&rsquo;autre ? Les dahlias sont satisfaisant, moins touffus que ce \u00e0 quoi je m&rsquo;attendais mais c&rsquo;est d\u00e9j\u00e0 pas mal. Les deux petits ont un peu + de mal \u00e0 s&rsquo;installer. En tout cas, \u00e7a meuble, c&rsquo;est ce que je voulais. Faut que je trouve de la pr\u00eale du Japon, j&rsquo;aime beaucoup son c\u00f4t\u00e9 graphique. Les bambous, le roseau et les&#8230; Papyrus se portent bien (certainement gr\u00e2ce aux bons traitements des chats)<br \/><br \/>Bref, globalement les deux balcons m&rsquo;ont fait plaisir cette ann\u00e9e, beaucoup de verdure, beaucoup de pousse, de nouvelles plantes arriv\u00e9es spontan\u00e9ment. Il va falloir commencer \u00e0 pr\u00e9parer l&rsquo;hiver, monter la petite serre, ressortir les voiles d&rsquo;hivernage et le papier bulle. Rassembler les pots contre les murs pour qu&rsquo;ils se tiennent chaud, attendre que l&rsquo;automne soit pass\u00e9 pour donner un bon coup de balai et de brosse pour nettoyer tout \u00e7a. Se d\u00e9barrasser aussi, de l&rsquo;\u00e9norme sac de terre. Nettoyer les pots de leurs plantes\/tiges\/feuilles mortes.<\/p>\n<p>Cadeaux pour service rendu<a href=\"https:\/\/alice-corporation.com\/vegetal\/wp-content\/uploads\/2020\/10\/DSC8698-Copier.jpg\"><img loading=\"lazy\" decoding=\"async\" class=\"alignnone size-full wp-image-1769\" src=\"https:\/\/alice-corporation.com\/vegetal\/wp-content\/uploads\/2020\/10\/DSC8698-Copier.jpg\" alt=\"\" width=\"1600\" height=\"1067\" srcset=\"https:\/\/alice-corporation.com\/vegetal\/wp-content\/uploads\/2020\/10\/DSC8698-Copier.jpg 1600w, https:\/\/alice-corporation.com\/vegetal\/wp-content\/uploads\/2020\/10\/DSC8698-Copier-300x200.jpg 300w, https:\/\/alice-corporation.com\/vegetal\/wp-content\/uploads\/2020\/10\/DSC8698-Copier-1024x683.jpg 1024w, https:\/\/alice-corporation.com\/vegetal\/wp-content\/uploads\/2020\/10\/DSC8698-Copier-768x512.jpg 768w, https:\/\/alice-corporation.com\/vegetal\/wp-content\/uploads\/2020\/10\/DSC8698-Copier-1536x1024.jpg 1536w\" sizes=\"(max-width: 1600px) 100vw, 1600px\" \/><\/a> <a href=\"https:\/\/alice-corporation.com\/vegetal\/wp-content\/uploads\/2020\/10\/DSC8696-Copier.jpg\"><img loading=\"lazy\" decoding=\"async\" class=\"alignnone size-full wp-image-1770\" src=\"https:\/\/alice-corporation.com\/vegetal\/wp-content\/uploads\/2020\/10\/DSC8696-Copier.jpg\" alt=\"\" width=\"800\" height=\"1200\" srcset=\"https:\/\/alice-corporation.com\/vegetal\/wp-content\/uploads\/2020\/10\/DSC8696-Copier.jpg 800w, https:\/\/alice-corporation.com\/vegetal\/wp-content\/uploads\/2020\/10\/DSC8696-Copier-200x300.jpg 200w, https:\/\/alice-corporation.com\/vegetal\/wp-content\/uploads\/2020\/10\/DSC8696-Copier-683x1024.jpg 683w, https:\/\/alice-corporation.com\/vegetal\/wp-content\/uploads\/2020\/10\/DSC8696-Copier-768x1152.jpg 768w\" sizes=\"(max-width: 800px) 100vw, 800px\" \/><\/a><\/p>\n<p>3 nouvelles orchid\u00e9es donc, en quarantaine dans la cuisine pour le moment ! La derni\u00e8re est un Cambria, je n&rsquo;en ai jamais eu !<\/p>\n\n\n<p><\/p>\n","protected":false},"excerpt":{"rendered":"<p>J&rsquo;ai dit que je n&rsquo;aimais pas la nouvelle interface de WP ? Bref, j&rsquo;ai rentr\u00e9 les affreuses frileuses dans le bureau, je suis ravie du bananier (des bananiers) devenu \u00e9nooooorme, le canna qui a explos\u00e9 lui aussi alors qu&rsquo;il ne lui restait qu&rsquo;une pousse. Bref, globalement, toutes les plantes ont bien profit\u00e9 de la chaleur [&hellip;]<\/p>\n","protected":false},"author":1,"featured_media":0,"comment_status":"open","ping_status":"open","sticky":false,"template":"","format":"standard","meta":{"footnotes":""},"categories":[5],"tags":[26,32,33,17,28,11,14],"_links":{"self":[{"href":"https:\/\/alice-corporation.com\/vegetal\/wp-json\/wp\/v2\/posts\/1767"}],"collection":[{"href":"https:\/\/alice-corporation.com\/vegetal\/wp-json\/wp\/v2\/posts"}],"about":[{"href":"https:\/\/alice-corporation.com\/vegetal\/wp-json\/wp\/v2\/types\/post"}],"author":[{"embeddable":true,"href":"https:\/\/alice-corporation.com\/vegetal\/wp-json\/wp\/v2\/users\/1"}],"replies":[{"embeddable":true,"href":"https:\/\/alice-corporation.com\/vegetal\/wp-json\/wp\/v2\/comments?post=1767"}],"version-history":[{"count":1,"href":"https:\/\/alice-corporation.com\/vegetal\/wp-json\/wp\/v2\/posts\/1767\/revisions"}],"predecessor-version":[{"id":1771,"href":"https:\/\/alice-corporation.com\/vegetal\/wp-json\/wp\/v2\/posts\/1767\/revisions\/1771"}],"wp:attachment":[{"href":"https:\/\/alice-corporation.com\/vegetal\/wp-json\/wp\/v2\/media?parent=1767"}],"wp:term":[{"taxonomy":"category","embeddable":true,"href":"https:\/\/alice-corporation.com\/vegetal\/wp-json\/wp\/v2\/categories?post=1767"},{"taxonomy":"post_tag","embeddable":true,"href":"https:\/\/alice-corporation.com\/vegetal\/wp-json\/wp\/v2\/tags?post=1767"}],"curies":[{"name":"wp","href":"https:\/\/api.w.org\/{rel}","templated":true}]}}