{"id":1702,"date":"2020-03-28T19:45:53","date_gmt":"2020-03-28T17:45:53","guid":{"rendered":"http:\/\/alice-corporation.com\/vegetal\/?p=1702"},"modified":"2020-03-28T19:45:53","modified_gmt":"2020-03-28T17:45:53","slug":"le-retour-du-printemps","status":"publish","type":"post","link":"https:\/\/alice-corporation.com\/vegetal\/le-retour-du-printemps\/","title":{"rendered":"Le retour du printemps&#8230;"},"content":{"rendered":"<p>Comme toujours, le nettoyage des balcons signe l&rsquo;arriv\u00e9e du printemps.. A moins que \u00e7a ne soit le contraire. J&rsquo;aime bien quand mes balcons sont bien propres et bien rang\u00e9s.. \u00c7a ne dure qu&rsquo;un temps \u00e9videmment mais \u00e7a fait du bien. En hiver, l&rsquo;entretien des balcons suit mon moral : N\u00e9ant. <\/p>\n<p>Demain, je m&rsquo;attaque aux semis de tomates et de fleurs. Me restera \u00e0 nettoyer les pots et les tuteurs qui accueilleront tout \u00e7a. Les tulipes achet\u00e9es \u00e0 la foire aux plantes fin 2019 sont en fleurs, violet et jaune bien p\u00e9tant. Les cl\u00e9matites sont d\u00e9j\u00e0 reparties.<\/p>\n<p>Nous vivons une \u00e9poque curieuse&#8230; Presque la moiti\u00e9 de la population mondiale confin\u00e9e chez elle. Certains depuis 2 mois. Nous depuis 15 jours et ayant rempil\u00e9s pour encore 2 semaines. Le silence et le calme dans la ville. Les oiseaux qu&rsquo;on entend chanter au loin. Les rues vides. Les magasins ferm\u00e9s. La diminution de la pollution. Devoir travailler autrement, pour ceux qui peuvent encore travailler. Devoir risquer sa vie et celles de ses proches pour travailler, pour ceux qui ne peuvent pas t\u00e9l\u00e9travailler. La suspicion des gens si on tousse, renifle ou simplement s&rsquo;ils croisent quelqu&rsquo;un. Certains sont en prison. Ils ont l&rsquo;habitude me direz-vous. Les voil\u00e0 priv\u00e9s de visites, d&rsquo;activit\u00e9s, de sorties. Ils re\u00e7oivent des recommandations qu&rsquo;on ne leur permet pas de respecter correctement. Les SDF qui se font verbaliser parce qu&rsquo;ils n&rsquo;ont pas d&rsquo;attestation. Qui ne doivent plus avoir leur petite pi\u00e8ce pour manger, pour boire, pour nourrir leur chien. Les restos du c\u0153ur qui se sont fait cambrioler. On leur a vol\u00e9 de la nourriture. Les soignants qui se font cambrioler. On leur vole leurs masques. Les personnes qui ne respectent pas le confinement. \u00c9go\u00efstes. Le racisme -euph\u00e9misme-, au d\u00e9but (encore maintenant ?) vis-\u00e0-vis des chinois et certainement des asiatiques de mani\u00e8re g\u00e9n\u00e9rale parce que l&rsquo;\u00e9pid\u00e9mie a commenc\u00e9 en Chine. La peur des gens, qui en arrivent \u00e0 demander aux soignants d&rsquo;aller vivre ailleurs. Le monde est fou. Les applaudissements \u00e0 20h. Malsain. Hypocrite ? Pas convaincue. Les petites entreprises qui souffrent et qu&rsquo;on aimerait soutenir. Mais qu&rsquo;on ne veut pas exposer. Mais qu&rsquo;on veut soutenir. Dilemme. Les discours du leader supr\u00eame et de ses sbires. Nous sommes en guerre, a-t-il dit. Le ciel bleu, le soleil, la douceur, la nature. Frustrant. Mais, malgr\u00e9 tout, agr\u00e9able. \u00c7a fait du bien au moral malmen\u00e9. On en profite \u00e0 la fen\u00eatre, sur les balcons, dans son jardin. Un peu comme les chats qui se vautrent dans les rayons de soleil. On plaint ceux qui n&rsquo;ont pas \u00e7a. Ceux qui vivent mal la solitude et l&rsquo;enfermement. Ceux qui souffrent. Ceux qui sont isol\u00e9s. Ceux qui ne sont pas en s\u00e9curit\u00e9. On se dit qu&rsquo;on a de la chance. Qu&rsquo;on est deux. Qu&rsquo;on a les chats. Qu&rsquo;on a de la place. Qu&rsquo;on peut aller au balcon ou m\u00eame dans la cour. Qu&rsquo;on peut t\u00e9l\u00e9travailler. Qu&rsquo;on a les moyens de faire quelques r\u00e9serves pour limiter les sorties. On se demande comment sera l&rsquo;apr\u00e8s. L&rsquo;apr\u00e8s confinement. Comme quand quelqu&rsquo;un meurt, on se demande comment la vie pourrait reprendre son cours normal ensuite. On se dit que c&rsquo;est l&rsquo;occasion d&rsquo;une prise de conscience, d&rsquo;un changement de paradigme. On se doute bien que non mais.. On esp\u00e8re un peu quand m\u00eame.<\/p>\n<p>Dr\u00f4le d&rsquo;\u00e9poque. \u00c9trange. Flottante. Entre-deux.<\/p>\n<p>Bref, semis, nettoyage des pots et des tuteurs.<\/p>\n","protected":false},"excerpt":{"rendered":"<p>Comme toujours, le nettoyage des balcons signe l&rsquo;arriv\u00e9e du printemps.. A moins que \u00e7a ne soit le contraire. J&rsquo;aime bien quand mes balcons sont bien propres et bien rang\u00e9s.. \u00c7a ne dure qu&rsquo;un temps \u00e9videmment mais \u00e7a fait du bien. En hiver, l&rsquo;entretien des balcons suit mon moral : N\u00e9ant. Demain, je m&rsquo;attaque aux semis [&hellip;]<\/p>\n","protected":false},"author":1,"featured_media":0,"comment_status":"open","ping_status":"open","sticky":false,"template":"","format":"standard","meta":{"footnotes":""},"categories":[5],"tags":[32,24,14],"_links":{"self":[{"href":"https:\/\/alice-corporation.com\/vegetal\/wp-json\/wp\/v2\/posts\/1702"}],"collection":[{"href":"https:\/\/alice-corporation.com\/vegetal\/wp-json\/wp\/v2\/posts"}],"about":[{"href":"https:\/\/alice-corporation.com\/vegetal\/wp-json\/wp\/v2\/types\/post"}],"author":[{"embeddable":true,"href":"https:\/\/alice-corporation.com\/vegetal\/wp-json\/wp\/v2\/users\/1"}],"replies":[{"embeddable":true,"href":"https:\/\/alice-corporation.com\/vegetal\/wp-json\/wp\/v2\/comments?post=1702"}],"version-history":[{"count":1,"href":"https:\/\/alice-corporation.com\/vegetal\/wp-json\/wp\/v2\/posts\/1702\/revisions"}],"predecessor-version":[{"id":1703,"href":"https:\/\/alice-corporation.com\/vegetal\/wp-json\/wp\/v2\/posts\/1702\/revisions\/1703"}],"wp:attachment":[{"href":"https:\/\/alice-corporation.com\/vegetal\/wp-json\/wp\/v2\/media?parent=1702"}],"wp:term":[{"taxonomy":"category","embeddable":true,"href":"https:\/\/alice-corporation.com\/vegetal\/wp-json\/wp\/v2\/categories?post=1702"},{"taxonomy":"post_tag","embeddable":true,"href":"https:\/\/alice-corporation.com\/vegetal\/wp-json\/wp\/v2\/tags?post=1702"}],"curies":[{"name":"wp","href":"https:\/\/api.w.org\/{rel}","templated":true}]}}