{"id":1674,"date":"2020-01-31T18:57:16","date_gmt":"2020-01-31T16:57:16","guid":{"rendered":"http:\/\/alice-corporation.com\/vegetal\/?p=1674"},"modified":"2020-01-31T18:57:16","modified_gmt":"2020-01-31T16:57:16","slug":"bilan-du-reste","status":"publish","type":"post","link":"https:\/\/alice-corporation.com\/vegetal\/bilan-du-reste\/","title":{"rendered":"Bilan du reste"},"content":{"rendered":"<p>Bilan du reste :<br \/>\nJ&rsquo;ai fini par d\u00e9poter le Canna warscewiczii qui \u00e9tait litt\u00e9ralement infest\u00e9 de cochenilles malgr\u00e9 x traitements. Chance, il y avait une toute jeune pousse en train de sortir, je l&rsquo;ai donc install\u00e9 dans un pot et substrat tout neuf. Actuellement sous haute surveillance !<\/p>\n<p>Regarder les derni\u00e8res photos m&rsquo;ont rappel\u00e9 que Ceropegia woodii n&rsquo;\u00e9tait qu&rsquo;une bouture \u00e0 l&rsquo;arriv\u00e9e ! Il s&rsquo;est biiiiien d\u00e9velopp\u00e9 ! La bouture de collier de perles elle, n&rsquo;a jamais vraiment pris. Trop d&rsquo;arrosage je pense. J&rsquo;en avais rachet\u00e9 un, un peu plus grand.. M\u00eame r\u00e9sultat ! Au final, il m&rsquo;en reste un petit bout que j&rsquo;essaye d&rsquo;oublier du mieux que je peux, a priori, \u00e7a marche, il y a de nouvelles feuilles qui se forment. Bref, NON A L&rsquo;ARROSAGE !<\/p>\n<p>Epiphyllum oxypetalum a bien profit\u00e9 de l&rsquo;\u00e9t\u00e9, de sa chaleur et de son soleil et a l&rsquo;air bien parti avec ses nouvelles pousses. Faut vraiment que j&rsquo;ai le r\u00e9flexe de coller tout le monde dehors d\u00e8s l&rsquo;arriv\u00e9e des beaux jours et que les nuits se r\u00e9chauffent un peu.<\/p>\n<p>Les boutures de Pseudorhipsalis ont l&rsquo;air d&rsquo;avoir pris aussi m\u00eame si \u00e7a croit lentement&#8230; Tr\u00e8\u00e8\u00e8\u00e8s lentement&#8230; <\/p>\n<p>Les boutures de cactus de No\u00ebl ont \u00e9t\u00e9 \u00e9cr\u00e9m\u00e9es, il me reste le buckleyi et une autre \u00e0 fleurs blanches il me semble. Il m&rsquo;en faut un rouge ou un rose p\u00e9tant !<\/p>\n<p>Dans le gros terra ferm\u00e9, c&rsquo;est la jungle, le fittonia pousse \u00e0 n&rsquo;en plus finir et se pr\u00eate bien \u00e0 la bouture ! Le ficus pousse aussi (nouvelles feuilles) et la mousse.. La mousse ! Il a maintenant plus d&rsquo;un an et \u00e0 part pour des op\u00e9rations de maintenance (taille des plantes) ou de l&rsquo;observation, je ne l&rsquo;ouvre pas.<\/p>\n<p>Epiphyllum oxypetalum<br \/>\n<a href=\"https:\/\/alice-corporation.com\/vegetal\/wp-content\/uploads\/2020\/01\/DSC8209-Copier.jpg\"><img loading=\"lazy\" decoding=\"async\" src=\"https:\/\/alice-corporation.com\/vegetal\/wp-content\/uploads\/2020\/01\/DSC8209-Copier.jpg\" alt=\"\" width=\"800\" height=\"1200\" class=\"alignnone size-full wp-image-1675\" srcset=\"https:\/\/alice-corporation.com\/vegetal\/wp-content\/uploads\/2020\/01\/DSC8209-Copier.jpg 800w, https:\/\/alice-corporation.com\/vegetal\/wp-content\/uploads\/2020\/01\/DSC8209-Copier-200x300.jpg 200w, https:\/\/alice-corporation.com\/vegetal\/wp-content\/uploads\/2020\/01\/DSC8209-Copier-768x1152.jpg 768w, https:\/\/alice-corporation.com\/vegetal\/wp-content\/uploads\/2020\/01\/DSC8209-Copier-683x1024.jpg 683w\" sizes=\"(max-width: 800px) 100vw, 800px\" \/><\/a><\/p>\n<p>Ceropegia woodii<br \/>\n<a href=\"https:\/\/alice-corporation.com\/vegetal\/wp-content\/uploads\/2020\/01\/DSC8208-Copier.jpg\"><img loading=\"lazy\" decoding=\"async\" src=\"https:\/\/alice-corporation.com\/vegetal\/wp-content\/uploads\/2020\/01\/DSC8208-Copier.jpg\" alt=\"\" width=\"1600\" height=\"1067\" class=\"alignnone size-full wp-image-1676\" srcset=\"https:\/\/alice-corporation.com\/vegetal\/wp-content\/uploads\/2020\/01\/DSC8208-Copier.jpg 1600w, https:\/\/alice-corporation.com\/vegetal\/wp-content\/uploads\/2020\/01\/DSC8208-Copier-300x200.jpg 300w, https:\/\/alice-corporation.com\/vegetal\/wp-content\/uploads\/2020\/01\/DSC8208-Copier-768x512.jpg 768w, https:\/\/alice-corporation.com\/vegetal\/wp-content\/uploads\/2020\/01\/DSC8208-Copier-1024x683.jpg 1024w\" sizes=\"(max-width: 1600px) 100vw, 1600px\" \/><\/a><\/p>\n<p>A l&rsquo;ext\u00e9rieur.. Le Muehlenbeckia n&rsquo;a pas pass\u00e9 l&rsquo;\u00e9t\u00e9, le Fraise des bois et le cerisier non plus (j&rsquo;arr\u00eate l\u00e0 pour ces deux l\u00e0). Idem pour le jasmin. <\/p>\n<p>Niveau arriv\u00e9es, des papyrus, des bulbes (tulipes, colchique qui a fleuri quasi directement) et je crois que c&rsquo;est tout.. Des b\u00e9gonias aussi mais vont ils passer l&rsquo;hiver ?<\/p>\n\n\t\t<style type=\"text\/css\">\n\t\t\t#gallery-1 {\n\t\t\t\tmargin: auto;\n\t\t\t}\n\t\t\t#gallery-1 .gallery-item {\n\t\t\t\tfloat: left;\n\t\t\t\tmargin-top: 10px;\n\t\t\t\ttext-align: center;\n\t\t\t\twidth: 33%;\n\t\t\t}\n\t\t\t#gallery-1 img {\n\t\t\t\tborder: 2px solid #cfcfcf;\n\t\t\t}\n\t\t\t#gallery-1 .gallery-caption {\n\t\t\t\tmargin-left: 0;\n\t\t\t}\n\t\t\t\/* see gallery_shortcode() in wp-includes\/media.php *\/\n\t\t<\/style>\n\t\t<div id='gallery-1' class='gallery galleryid-1674 gallery-columns-3 gallery-size-thumbnail'><dl class='gallery-item'>\n\t\t\t<dt class='gallery-icon portrait'>\n\t\t\t\t<a href='https:\/\/alice-corporation.com\/vegetal\/bilan-du-reste\/21062019-_dsc7658-2-copier\/'><img loading=\"lazy\" decoding=\"async\" width=\"150\" height=\"150\" src=\"https:\/\/alice-corporation.com\/vegetal\/wp-content\/uploads\/2020\/01\/21062019-_DSC7658-2-Copier-150x150.jpg\" class=\"attachment-thumbnail size-thumbnail\" alt=\"\" \/><\/a>\n\t\t\t<\/dt><\/dl><dl class='gallery-item'>\n\t\t\t<dt class='gallery-icon landscape'>\n\t\t\t\t<a href='https:\/\/alice-corporation.com\/vegetal\/bilan-du-reste\/22062019-_dsc7661-copier\/'><img loading=\"lazy\" decoding=\"async\" width=\"150\" height=\"150\" src=\"https:\/\/alice-corporation.com\/vegetal\/wp-content\/uploads\/2020\/01\/22062019-_DSC7661-Copier-150x150.jpg\" class=\"attachment-thumbnail size-thumbnail\" alt=\"\" aria-describedby=\"gallery-1-1679\" \/><\/a>\n\t\t\t<\/dt>\n\t\t\t\t<dd class='wp-caption-text gallery-caption' id='gallery-1-1679'>\n\t\t\t\tFleur de sauge\n\t\t\t\t<\/dd><\/dl><dl class='gallery-item'>\n\t\t\t<dt class='gallery-icon landscape'>\n\t\t\t\t<a href='https:\/\/alice-corporation.com\/vegetal\/bilan-du-reste\/sans-titre-copier\/'><img loading=\"lazy\" decoding=\"async\" width=\"150\" height=\"150\" src=\"https:\/\/alice-corporation.com\/vegetal\/wp-content\/uploads\/2020\/01\/Sans-titre-Copier-150x150.jpg\" class=\"attachment-thumbnail size-thumbnail\" alt=\"\" aria-describedby=\"gallery-1-1680\" \/><\/a>\n\t\t\t<\/dt>\n\t\t\t\t<dd class='wp-caption-text gallery-caption' id='gallery-1-1680'>\n\t\t\t\tBulbes de tulipe, crocus, lys et colchique\n\t\t\t\t<\/dd><\/dl><br style=\"clear: both\" \/><dl class='gallery-item'>\n\t\t\t<dt class='gallery-icon landscape'>\n\t\t\t\t<a href='https:\/\/alice-corporation.com\/vegetal\/bilan-du-reste\/_dsc7750-copier\/'><img loading=\"lazy\" decoding=\"async\" width=\"150\" height=\"150\" src=\"https:\/\/alice-corporation.com\/vegetal\/wp-content\/uploads\/2020\/01\/DSC7750-Copier-150x150.jpg\" class=\"attachment-thumbnail size-thumbnail\" alt=\"\" aria-describedby=\"gallery-1-1681\" \/><\/a>\n\t\t\t<\/dt>\n\t\t\t\t<dd class='wp-caption-text gallery-caption' id='gallery-1-1681'>\n\t\t\t\tLe champ de tomates cet \u00e9t\u00e9\n\t\t\t\t<\/dd><\/dl><dl class='gallery-item'>\n\t\t\t<dt class='gallery-icon portrait'>\n\t\t\t\t<a href='https:\/\/alice-corporation.com\/vegetal\/bilan-du-reste\/_dsc7753-copier\/'><img loading=\"lazy\" decoding=\"async\" width=\"150\" height=\"150\" src=\"https:\/\/alice-corporation.com\/vegetal\/wp-content\/uploads\/2020\/01\/DSC7753-Copier-150x150.jpg\" class=\"attachment-thumbnail size-thumbnail\" alt=\"\" aria-describedby=\"gallery-1-1682\" \/><\/a>\n\t\t\t<\/dt>\n\t\t\t\t<dd class='wp-caption-text gallery-caption' id='gallery-1-1682'>\n\t\t\t\tBananier et son pote le canna\n\t\t\t\t<\/dd><\/dl><dl class='gallery-item'>\n\t\t\t<dt class='gallery-icon landscape'>\n\t\t\t\t<a href='https:\/\/alice-corporation.com\/vegetal\/bilan-du-reste\/_dsc7855b-copier\/'><img loading=\"lazy\" decoding=\"async\" width=\"150\" height=\"150\" src=\"https:\/\/alice-corporation.com\/vegetal\/wp-content\/uploads\/2020\/01\/DSC7855b-Copier-150x150.jpg\" class=\"attachment-thumbnail size-thumbnail\" alt=\"\" aria-describedby=\"gallery-1-1684\" \/><\/a>\n\t\t\t<\/dt>\n\t\t\t\t<dd class='wp-caption-text gallery-caption' id='gallery-1-1684'>\n\t\t\t\tTricyrtis Glit Edge\n\t\t\t\t<\/dd><\/dl><br style=\"clear: both\" \/><dl class='gallery-item'>\n\t\t\t<dt class='gallery-icon portrait'>\n\t\t\t\t<a href='https:\/\/alice-corporation.com\/vegetal\/bilan-du-reste\/_dsc7954-copier\/'><img loading=\"lazy\" decoding=\"async\" width=\"150\" height=\"150\" src=\"https:\/\/alice-corporation.com\/vegetal\/wp-content\/uploads\/2020\/01\/DSC7954-Copier-150x150.jpg\" class=\"attachment-thumbnail size-thumbnail\" alt=\"\" aria-describedby=\"gallery-1-1685\" \/><\/a>\n\t\t\t<\/dt>\n\t\t\t\t<dd class='wp-caption-text gallery-caption' id='gallery-1-1685'>\n\t\t\t\tChrysanth\u00e8me pile \u00e0 l&rsquo;heure pour la Toussaint\n\t\t\t\t<\/dd><\/dl><dl class='gallery-item'>\n\t\t\t<dt class='gallery-icon portrait'>\n\t\t\t\t<a href='https:\/\/alice-corporation.com\/vegetal\/bilan-du-reste\/21062019-_dsc7651-copier\/'><img loading=\"lazy\" decoding=\"async\" width=\"150\" height=\"150\" src=\"https:\/\/alice-corporation.com\/vegetal\/wp-content\/uploads\/2020\/01\/21062019-_DSC7651-Copier-150x150.jpg\" class=\"attachment-thumbnail size-thumbnail\" alt=\"\" aria-describedby=\"gallery-1-1686\" \/><\/a>\n\t\t\t<\/dt>\n\t\t\t\t<dd class='wp-caption-text gallery-caption' id='gallery-1-1686'>\n\t\t\t\tLys\n\t\t\t\t<\/dd><\/dl><dl class='gallery-item'>\n\t\t\t<dt class='gallery-icon landscape'>\n\t\t\t\t<a href='https:\/\/alice-corporation.com\/vegetal\/bilan-du-reste\/_dsc7844-copier-2\/'><img loading=\"lazy\" decoding=\"async\" width=\"150\" height=\"150\" src=\"https:\/\/alice-corporation.com\/vegetal\/wp-content\/uploads\/2020\/01\/DSC7844-Copier-1-150x150.jpg\" class=\"attachment-thumbnail size-thumbnail\" alt=\"\" aria-describedby=\"gallery-1-1688\" \/><\/a>\n\t\t\t<\/dt>\n\t\t\t\t<dd class='wp-caption-text gallery-caption' id='gallery-1-1688'>\n\t\t\t\tTerra ferm\u00e9 1 cet \u00e9t\u00e9\n\t\t\t\t<\/dd><\/dl><br style=\"clear: both\" \/>\n\t\t<\/div>\n\n","protected":false},"excerpt":{"rendered":"<p>Bilan du reste : J&rsquo;ai fini par d\u00e9poter le Canna warscewiczii qui \u00e9tait litt\u00e9ralement infest\u00e9 de cochenilles malgr\u00e9 x traitements. Chance, il y avait une toute jeune pousse en train de sortir, je l&rsquo;ai donc install\u00e9 dans un pot et substrat tout neuf. Actuellement sous haute surveillance ! Regarder les derni\u00e8res photos m&rsquo;ont rappel\u00e9 que [&hellip;]<\/p>\n","protected":false},"author":1,"featured_media":0,"comment_status":"open","ping_status":"open","sticky":false,"template":"","format":"standard","meta":{"footnotes":""},"categories":[5],"tags":[19,16,12,39,11],"_links":{"self":[{"href":"https:\/\/alice-corporation.com\/vegetal\/wp-json\/wp\/v2\/posts\/1674"}],"collection":[{"href":"https:\/\/alice-corporation.com\/vegetal\/wp-json\/wp\/v2\/posts"}],"about":[{"href":"https:\/\/alice-corporation.com\/vegetal\/wp-json\/wp\/v2\/types\/post"}],"author":[{"embeddable":true,"href":"https:\/\/alice-corporation.com\/vegetal\/wp-json\/wp\/v2\/users\/1"}],"replies":[{"embeddable":true,"href":"https:\/\/alice-corporation.com\/vegetal\/wp-json\/wp\/v2\/comments?post=1674"}],"version-history":[{"count":4,"href":"https:\/\/alice-corporation.com\/vegetal\/wp-json\/wp\/v2\/posts\/1674\/revisions"}],"predecessor-version":[{"id":1691,"href":"https:\/\/alice-corporation.com\/vegetal\/wp-json\/wp\/v2\/posts\/1674\/revisions\/1691"}],"wp:attachment":[{"href":"https:\/\/alice-corporation.com\/vegetal\/wp-json\/wp\/v2\/media?parent=1674"}],"wp:term":[{"taxonomy":"category","embeddable":true,"href":"https:\/\/alice-corporation.com\/vegetal\/wp-json\/wp\/v2\/categories?post=1674"},{"taxonomy":"post_tag","embeddable":true,"href":"https:\/\/alice-corporation.com\/vegetal\/wp-json\/wp\/v2\/tags?post=1674"}],"curies":[{"name":"wp","href":"https:\/\/api.w.org\/{rel}","templated":true}]}}