{"id":1645,"date":"2019-03-24T20:05:34","date_gmt":"2019-03-24T18:05:34","guid":{"rendered":"http:\/\/alice-corporation.com\/vegetal\/?p=1645"},"modified":"2019-03-24T20:05:34","modified_gmt":"2019-03-24T18:05:34","slug":"sur-les-balcons","status":"publish","type":"post","link":"https:\/\/alice-corporation.com\/vegetal\/sur-les-balcons\/","title":{"rendered":"Sur les balcons.."},"content":{"rendered":"<p>J&rsquo;ai calcul\u00e9, ces 10 derniers mois, j&rsquo;ai accueilli environ 50 plantes suppl\u00e9mentaires. La population v\u00e9g\u00e9tale int\u00e9rieure est maintenant d&rsquo;environ 40 sujets. Tout va bien.<\/p>\n<p>La liste des arriv\u00e9es est longue.. Bananier, aspergus, crassula ovata, dieffenbachia et bien d&rsquo;autre encore.<\/p>\n<p>Mon cactus de No\u00ebl a d\u00e9cid\u00e9 de refleurir. Parait que \u00e7a arrive. La floraison est moindre par rapport \u00e0 celle de fin d&rsquo;ann\u00e9e mais c&rsquo;est quand m\u00eame sympa.<\/p>\n<p>J&rsquo;ai investi dans un arbre \u00e0 plantes, c&rsquo;est plut\u00f4t pas mal, tout le monde a acc\u00e8s \u00e0 la lumi\u00e8re et \u00e7a augmente la surface \u00e0 coloniser. J&rsquo;envisage d&rsquo;en mettre un dans ma cuisine aussi.<br \/>\n<a href=\"https:\/\/alice-corporation.com\/vegetal\/wp-content\/uploads\/2019\/03\/DSC7316-Copier.jpg\"><img loading=\"lazy\" decoding=\"async\" src=\"https:\/\/alice-corporation.com\/vegetal\/wp-content\/uploads\/2019\/03\/DSC7316-Copier.jpg\" alt=\"\" width=\"800\" height=\"1200\" class=\"alignnone size-full wp-image-1648\" srcset=\"https:\/\/alice-corporation.com\/vegetal\/wp-content\/uploads\/2019\/03\/DSC7316-Copier.jpg 800w, https:\/\/alice-corporation.com\/vegetal\/wp-content\/uploads\/2019\/03\/DSC7316-Copier-200x300.jpg 200w, https:\/\/alice-corporation.com\/vegetal\/wp-content\/uploads\/2019\/03\/DSC7316-Copier-768x1152.jpg 768w, https:\/\/alice-corporation.com\/vegetal\/wp-content\/uploads\/2019\/03\/DSC7316-Copier-683x1024.jpg 683w\" sizes=\"(max-width: 800px) 100vw, 800px\" \/><\/a><\/p>\n<p>Vu les beaux jours, j&rsquo;ai d\u00e9ball\u00e9 les plantes. Surprise au pied du cerisier, les jacinthes embaument.. J&rsquo;ignore o\u00f9 est pass\u00e9 le 3eme bulbe.<br \/>\n<a href=\"https:\/\/alice-corporation.com\/vegetal\/wp-content\/uploads\/2019\/03\/DSC7295-Copier.jpg\"><img loading=\"lazy\" decoding=\"async\" src=\"https:\/\/alice-corporation.com\/vegetal\/wp-content\/uploads\/2019\/03\/DSC7295-Copier.jpg\" alt=\"\" width=\"800\" height=\"1200\" class=\"alignnone size-full wp-image-1646\" srcset=\"https:\/\/alice-corporation.com\/vegetal\/wp-content\/uploads\/2019\/03\/DSC7295-Copier.jpg 800w, https:\/\/alice-corporation.com\/vegetal\/wp-content\/uploads\/2019\/03\/DSC7295-Copier-200x300.jpg 200w, https:\/\/alice-corporation.com\/vegetal\/wp-content\/uploads\/2019\/03\/DSC7295-Copier-768x1152.jpg 768w, https:\/\/alice-corporation.com\/vegetal\/wp-content\/uploads\/2019\/03\/DSC7295-Copier-683x1024.jpg 683w\" sizes=\"(max-width: 800px) 100vw, 800px\" \/><\/a><\/p>\n<p><a href=\"https:\/\/alice-corporation.com\/vegetal\/wp-content\/uploads\/2019\/03\/DSC7294-Copier.jpg\"><img loading=\"lazy\" decoding=\"async\" src=\"https:\/\/alice-corporation.com\/vegetal\/wp-content\/uploads\/2019\/03\/DSC7294-Copier.jpg\" alt=\"\" width=\"800\" height=\"1200\" class=\"alignnone size-full wp-image-1647\" srcset=\"https:\/\/alice-corporation.com\/vegetal\/wp-content\/uploads\/2019\/03\/DSC7294-Copier.jpg 800w, https:\/\/alice-corporation.com\/vegetal\/wp-content\/uploads\/2019\/03\/DSC7294-Copier-200x300.jpg 200w, https:\/\/alice-corporation.com\/vegetal\/wp-content\/uploads\/2019\/03\/DSC7294-Copier-768x1152.jpg 768w, https:\/\/alice-corporation.com\/vegetal\/wp-content\/uploads\/2019\/03\/DSC7294-Copier-683x1024.jpg 683w\" sizes=\"(max-width: 800px) 100vw, 800px\" \/><\/a><\/p>\n<p>Le cannas est finalement bien reparti, plein de feuilles, il pousse bien. Epiphyllum oxypetalum a l&rsquo;air de bien appr\u00e9cier sa nouvelle position, il fait des feuilles alors qu&rsquo;il stagnait jusque l\u00e0 !<\/p>\n<p>Cette ann\u00e9e, on potage un peu ! J&rsquo;ai fait des semis de tomates : Mirabelle, Black cherry et&#8230; J&rsquo;ai oubli\u00e9 ! Tout a pris ! Je ne sais pas trop o\u00f9 je vais les mettre. J&rsquo;ai pris des plants de laitue et de persil. Je replanterais des choux pak choi aussi. La ciboulette est bien repartie, la menthe donne des signes de vie. Les petits pois poussent toujours, lentement. Les fraisiers sont toujours en vie. On va refaire des pommes de terre en sac aussi.<\/p>\n","protected":false},"excerpt":{"rendered":"<p>J&rsquo;ai calcul\u00e9, ces 10 derniers mois, j&rsquo;ai accueilli environ 50 plantes suppl\u00e9mentaires. La population v\u00e9g\u00e9tale int\u00e9rieure est maintenant d&rsquo;environ 40 sujets. Tout va bien. La liste des arriv\u00e9es est longue.. Bananier, aspergus, crassula ovata, dieffenbachia et bien d&rsquo;autre encore. Mon cactus de No\u00ebl a d\u00e9cid\u00e9 de refleurir. Parait que \u00e7a arrive. La floraison est moindre [&hellip;]<\/p>\n","protected":false},"author":1,"featured_media":0,"comment_status":"open","ping_status":"open","sticky":false,"template":"","format":"standard","meta":{"footnotes":""},"categories":[5],"tags":[16,17,36,14],"_links":{"self":[{"href":"https:\/\/alice-corporation.com\/vegetal\/wp-json\/wp\/v2\/posts\/1645"}],"collection":[{"href":"https:\/\/alice-corporation.com\/vegetal\/wp-json\/wp\/v2\/posts"}],"about":[{"href":"https:\/\/alice-corporation.com\/vegetal\/wp-json\/wp\/v2\/types\/post"}],"author":[{"embeddable":true,"href":"https:\/\/alice-corporation.com\/vegetal\/wp-json\/wp\/v2\/users\/1"}],"replies":[{"embeddable":true,"href":"https:\/\/alice-corporation.com\/vegetal\/wp-json\/wp\/v2\/comments?post=1645"}],"version-history":[{"count":4,"href":"https:\/\/alice-corporation.com\/vegetal\/wp-json\/wp\/v2\/posts\/1645\/revisions"}],"predecessor-version":[{"id":1666,"href":"https:\/\/alice-corporation.com\/vegetal\/wp-json\/wp\/v2\/posts\/1645\/revisions\/1666"}],"wp:attachment":[{"href":"https:\/\/alice-corporation.com\/vegetal\/wp-json\/wp\/v2\/media?parent=1645"}],"wp:term":[{"taxonomy":"category","embeddable":true,"href":"https:\/\/alice-corporation.com\/vegetal\/wp-json\/wp\/v2\/categories?post=1645"},{"taxonomy":"post_tag","embeddable":true,"href":"https:\/\/alice-corporation.com\/vegetal\/wp-json\/wp\/v2\/tags?post=1645"}],"curies":[{"name":"wp","href":"https:\/\/api.w.org\/{rel}","templated":true}]}}