{"id":15580,"date":"2026-05-01T19:30:20","date_gmt":"2026-05-01T17:30:20","guid":{"rendered":"https:\/\/alice-corporation.com\/vegetal\/?p=15580"},"modified":"2026-05-01T19:30:20","modified_gmt":"2026-05-01T17:30:20","slug":"potager-2026","status":"publish","type":"post","link":"https:\/\/alice-corporation.com\/vegetal\/potager-2026\/","title":{"rendered":"Potager 2026"},"content":{"rendered":"<p>J&rsquo;ai pris le parti de b\u00e2cher les all\u00e9es du potager et de couvrir le tout d&rsquo;\u00e9corces de pin histoire de limiter\/contr\u00f4ler au mieux l&rsquo;enherbement et d&rsquo;\u00e9conomiser mon dos. J&rsquo;ai aussi mis du fumier en granul\u00e9s dans les carr\u00e9s, recouvert d&rsquo;une \u00e9paisse couche de BRF (45\u20ac livr\u00e9 en vrac dans la cour pour 1m3, \u00e7a va !), recouvert d&rsquo;une b\u00e2che, toujours pour \u00e9viter l&rsquo;enherbement. Je la remettrais en place cet hiver.<\/p>\n<p><a href=\"https:\/\/alice-corporation.com\/vegetal\/wp-content\/uploads\/2026\/05\/Popotager.jpeg\"><img loading=\"lazy\" decoding=\"async\" class=\"alignnone size-full wp-image-15583\" src=\"https:\/\/alice-corporation.com\/vegetal\/wp-content\/uploads\/2026\/05\/Popotager.jpeg\" alt=\"\" width=\"2048\" height=\"986\" srcset=\"https:\/\/alice-corporation.com\/vegetal\/wp-content\/uploads\/2026\/05\/Popotager.jpeg 2048w, https:\/\/alice-corporation.com\/vegetal\/wp-content\/uploads\/2026\/05\/Popotager-300x144.jpeg 300w, https:\/\/alice-corporation.com\/vegetal\/wp-content\/uploads\/2026\/05\/Popotager-1024x493.jpeg 1024w, https:\/\/alice-corporation.com\/vegetal\/wp-content\/uploads\/2026\/05\/Popotager-768x370.jpeg 768w, https:\/\/alice-corporation.com\/vegetal\/wp-content\/uploads\/2026\/05\/Popotager-1536x740.jpeg 1536w\" sizes=\"(max-width: 2048px) 100vw, 2048px\" \/><\/a><\/p>\n<p>Cette ann\u00e9e, j&rsquo;ai eu l&rsquo;occasion de me fournir en plants au CNPH pr\u00e8s de chez moi, de tr\u00e8s beaux plants \u00e0 prix tout doux !<\/p>\n<p>Marmande, Roma x2, Rose de Berne, Black cherry (cerise), Ronde de Nice, courgettes jaunes, courgettes black forest, melon brod\u00e9 Jenny Lind x2, butternut x2. J&rsquo;ai aussi plant\u00e9 6 plants de brocolis, 6 ou 7 de ma\u00efs, 2 de concombres. Et une sauge. J&rsquo;avais pr\u00e9vu de mettre le piment v\u00e9g\u00e9 et le poivron dans le grand carr\u00e9 mais&#8230; Plus de place, ils resteront donc en pot cette ann\u00e9e encore !<\/p>\n<p>Il y a quelques semaines, j&rsquo;avais plant\u00e9 des choux cabus. A priori, le d\u00e9faut d&rsquo;arrosage fait qu&rsquo;ils n&rsquo;arrivent pas \u00e0 pommer. A voir si \u00e7a s&rsquo;am\u00e9liore dans les jours \u00e0 venir. J&rsquo;ai aussi sem\u00e9 des pois gourmands et il me reste \u00e0 semer des haricots verts.<\/p>\n<p>J&rsquo;ai quelques fraisiers en pots, ils ont rejoint les carr\u00e9s histoire de lib\u00e9rer les pots. J&rsquo;ai du replanter une vigne, la pr\u00e9c\u00e9dente n&rsquo;ayant pas surv\u00e9cu aux longues semaines de pluie de l&rsquo;hiver.<\/p>\n<p>Inqui\u00e9tude pour les asperges, elles sont bien sorties mais la plupart n&rsquo;ont fait qu&rsquo;un turion. Pourtant j&rsquo;ai amand\u00e9 et tout. Soit elles n&rsquo;ont pas assez de soleil, soit, je ne sais pas :\/<\/p>\n","protected":false},"excerpt":{"rendered":"<p>J&rsquo;ai pris le parti de b\u00e2cher les all\u00e9es du potager et de couvrir le tout d&rsquo;\u00e9corces de pin histoire de limiter\/contr\u00f4ler au mieux l&rsquo;enherbement et d&rsquo;\u00e9conomiser mon dos. J&rsquo;ai aussi mis du fumier en granul\u00e9s dans les carr\u00e9s, recouvert d&rsquo;une \u00e9paisse couche de BRF (45\u20ac livr\u00e9 en vrac dans la cour pour 1m3, \u00e7a va [&hellip;]<\/p>\n","protected":false},"author":1,"featured_media":0,"comment_status":"open","ping_status":"open","sticky":false,"template":"","format":"standard","meta":{"footnotes":""},"categories":[47],"tags":[],"_links":{"self":[{"href":"https:\/\/alice-corporation.com\/vegetal\/wp-json\/wp\/v2\/posts\/15580"}],"collection":[{"href":"https:\/\/alice-corporation.com\/vegetal\/wp-json\/wp\/v2\/posts"}],"about":[{"href":"https:\/\/alice-corporation.com\/vegetal\/wp-json\/wp\/v2\/types\/post"}],"author":[{"embeddable":true,"href":"https:\/\/alice-corporation.com\/vegetal\/wp-json\/wp\/v2\/users\/1"}],"replies":[{"embeddable":true,"href":"https:\/\/alice-corporation.com\/vegetal\/wp-json\/wp\/v2\/comments?post=15580"}],"version-history":[{"count":1,"href":"https:\/\/alice-corporation.com\/vegetal\/wp-json\/wp\/v2\/posts\/15580\/revisions"}],"predecessor-version":[{"id":15585,"href":"https:\/\/alice-corporation.com\/vegetal\/wp-json\/wp\/v2\/posts\/15580\/revisions\/15585"}],"wp:attachment":[{"href":"https:\/\/alice-corporation.com\/vegetal\/wp-json\/wp\/v2\/media?parent=15580"}],"wp:term":[{"taxonomy":"category","embeddable":true,"href":"https:\/\/alice-corporation.com\/vegetal\/wp-json\/wp\/v2\/categories?post=15580"},{"taxonomy":"post_tag","embeddable":true,"href":"https:\/\/alice-corporation.com\/vegetal\/wp-json\/wp\/v2\/tags?post=15580"}],"curies":[{"name":"wp","href":"https:\/\/api.w.org\/{rel}","templated":true}]}}